{"id":92,"date":"2022-06-22T14:02:16","date_gmt":"2022-06-22T12:02:16","guid":{"rendered":"https:\/\/www.arbeitskreis-sozialpolitik.de\/?p=92"},"modified":"2022-09-07T17:06:19","modified_gmt":"2022-09-07T15:06:19","slug":"welche-farben-sollte-man-im-buero-verwenden-und-welche-nicht","status":"publish","type":"post","link":"https:\/\/www.arbeitskreis-sozialpolitik.de\/index.php\/2022\/06\/22\/welche-farben-sollte-man-im-buero-verwenden-und-welche-nicht\/","title":{"rendered":"Welche Farben sollte man im B\u00fcro verwenden und welche nicht?"},"content":{"rendered":"<p><strong>Endlich Farbe ins B\u00fcro bringen &#8211; das haben sich viele Unternehmen auf die Fahne geschrieben und setzen das in den Betriebsferien oder an einem Wochenende auch um. Grund daf\u00fcr ist: In einem B\u00fcro mit wei\u00dfen W\u00e4nden arbeitet man nicht so gut. Was vor einigen Jahren f\u00fcr die Gro\u00dfraumb\u00fcros noch schick und angesagt war &#8211; gro\u00dfe B\u00fcros, gehalten in den Farben Schwarz und Grau bei den B\u00fcrom\u00f6beln und wei\u00dfe W\u00e4nde und als Farbtupfer die eine oder andere Gr\u00fcnpflanze, ist heute l\u00e4ngst nicht mehr angesagt. Viele Unternehmen sind dazu \u00fcbergangen mehr Mut zur Farbe zu zeigen in B\u00fcros. Ein Grund daf\u00fcr ist, dass viele Unternehmen inzwischen erkannt haben, dass zwischen der Wandfarbe und Psychologie ein Zusammenhang besteht. Dabei ist die Farbpsychologie keine Erfindung der Neuzeit. Pionier in dieser Richtung war der Psychiater Carl Gustav Jung, der sich im ausgehenden 19. Jahrhundert bereits mit Farben als Werkzeuge der Psychotherapie befasste. Dabei erkannte der Psychiater, dass Farben eine bestimmte Bedeutung haben und dies sich auch auf die Stimmung im B\u00fcro niederschl\u00e4gt.<\/strong><\/p>\n<hr \/>\n<h2>Farbgestaltung als Teil der Ergonomie<\/h2>\n<p>Die Farbgestaltung in B\u00fcros geh\u00f6rt heute auch zur Ergonomie am Arbeitsplatz. Grund ist, dass die Farbwahl an den W\u00e4nden einen mittelbaren Einfluss hat auf die Leistungsf\u00e4higkeit und die Leistungsbereitschaft von Menschen (Lesen Sie dazu auch diesen Beitrag zur K\u00fcndigung eines Arbeitsverh\u00e4ltnisses: <a href=\"https:\/\/www.arbeitskreis-sozialpolitik.de\/index.php\/2022\/03\/02\/kuendigung-in-pandemie-zeiten-was-gilt-es-arbeitsrechtlich-zu-beachten\/\">weiterlesen<\/a>). Unternehmen, die eine kommunikative und vor allem leistungssichere Arbeitsatmosph\u00e4re schaffen wollen, setzen daher heute auf farbige W\u00e4nde und nicht auf wei\u00dfe W\u00e4nde. Doch was ist eine ergonomische Farbgestaltung? Hierzu muss man wissen, dass die Wahl der Farbe, zum Beispiel aus dem Sortiment der <a href=\"https:\/\/derfarbeimer.de\/stocolor-sil-in.html\">Sto Color Sil In<\/a> Farben, weit \u00fcber die subjektiven Vorlieben der Mitarbeiter bzw. der Entscheider hinausgeht. Es kommt hier auf die T\u00e4tigkeit an, die ausge\u00fcbt wird. Beeinflusst werden dabei von Wandfarben Laune, aber auch die Denkprozesse und vor allem der Fokus (der nat\u00fcrlich auf die Arbeit gerichtet sein sollte). Doch welche Farben eignen sich nun f\u00fcr ein B\u00fcro und welche nicht?<\/p>\n<h3>Die Sprache der Farbe<\/h3>\n<p><img loading=\"lazy\" decoding=\"async\" class=\"size-medium wp-image-116 alignleft\" src=\"https:\/\/www.arbeitskreis-sozialpolitik.de\/wp-content\/uploads\/2022\/06\/office-2761159_19201-300x200.jpg\" alt=\"Bunte Aktenordner nebeneinander auf wei\u00dfem Hintergrund.\" width=\"300\" height=\"200\" srcset=\"https:\/\/www.arbeitskreis-sozialpolitik.de\/wp-content\/uploads\/2022\/06\/office-2761159_19201-300x200.jpg 300w, https:\/\/www.arbeitskreis-sozialpolitik.de\/wp-content\/uploads\/2022\/06\/office-2761159_19201-1024x683.jpg 1024w, https:\/\/www.arbeitskreis-sozialpolitik.de\/wp-content\/uploads\/2022\/06\/office-2761159_19201-768x512.jpg 768w, https:\/\/www.arbeitskreis-sozialpolitik.de\/wp-content\/uploads\/2022\/06\/office-2761159_19201-1536x1024.jpg 1536w, https:\/\/www.arbeitskreis-sozialpolitik.de\/wp-content\/uploads\/2022\/06\/office-2761159_19201-570x380.jpg 570w, https:\/\/www.arbeitskreis-sozialpolitik.de\/wp-content\/uploads\/2022\/06\/office-2761159_19201-380x254.jpg 380w, https:\/\/www.arbeitskreis-sozialpolitik.de\/wp-content\/uploads\/2022\/06\/office-2761159_19201-285x190.jpg 285w, https:\/\/www.arbeitskreis-sozialpolitik.de\/wp-content\/uploads\/2022\/06\/office-2761159_19201.jpg 1920w\" sizes=\"auto, (max-width: 300px) 100vw, 300px\" \/>Wer nun in einem B\u00fcro mit den Farben nicht zu heftig umgehen m\u00f6chte &#8211; um die Mitarbeiter auch nicht zu verschrecken, der sollte sich f\u00fcr neutrale Farben wie Pudert\u00f6ne entscheiden, wie Sand oder Beige. Diese vermitteln das Gef\u00fchl von Ruhe, Klarheit und Sicherheit und sind ideal f\u00fcr kleine R\u00e4ume, die dann automatisch gr\u00f6\u00dfer wirken. Gut geeignet sind auch zarte Pastellt\u00f6ne als Wandfarbe. Diese Farben f\u00f6rdern insbesondere ein konzentriertes Arbeiten. Positive Assoziationen in einem B\u00fcro strahlt auch die Farbe Rot an den W\u00e4nden aus. Diese Farbe steht f\u00fcr Aktivit\u00e4t, Dynamik, aber auch f\u00fcr Energie, f\u00fcr Kreativit\u00e4t, f\u00fcr W\u00e4rme und Selbstsicherheit. Gut geeignet ist die Farbe Rot aber nur f\u00fcr Besprechungsr\u00e4ume, f\u00fcr Teamarbeitspl\u00e4tze und Konferenzr\u00e4ume. F\u00fcr ein Gro\u00dfraumb\u00fcro geht Rot gar nicht als Farbe, weil dies eine negative Assoziation hervorruft. Das bedeutet, dass die Wahl der Farben nicht nur von der Bedeutung der Farben abh\u00e4ngig gemacht werden sollte, sondern auch abh\u00e4ngig ist vom Raum.<\/p>\n<p><strong>Bildnachweis:<\/strong><br \/>\ndenisismagilov &#8211; stock.adobe.com<\/p>\n<p>Lesen Sie auch diesen Beitrag zum Thema:<\/p>\n<blockquote class=\"wp-embedded-content\" data-secret=\"qPz0mGQVKl\"><p><a href=\"https:\/\/urlaubs-portal.com\/farben-zum-streichen-wir-schauen-uns-die-latex-farbe-genauer-an\/\">Farben zum Streichen &#8211; wir schauen uns die Latex Farbe genauer an<\/a><\/p><\/blockquote>\n<p><iframe loading=\"lazy\" class=\"wp-embedded-content\" sandbox=\"allow-scripts\" security=\"restricted\" style=\"position: absolute; clip: rect(1px, 1px, 1px, 1px);\" title=\"&#8222;Farben zum Streichen &#8211; wir schauen uns die Latex Farbe genauer an&#8220; &#8212; Urlaubsportal\" src=\"https:\/\/urlaubs-portal.com\/farben-zum-streichen-wir-schauen-uns-die-latex-farbe-genauer-an\/embed\/#?secret=qKMofnRj6t#?secret=qPz0mGQVKl\" data-secret=\"qPz0mGQVKl\" width=\"600\" height=\"338\" frameborder=\"0\" marginwidth=\"0\" marginheight=\"0\" scrolling=\"no\"><\/iframe><\/p>\n<p>&nbsp;<\/p>\n","protected":false},"excerpt":{"rendered":"<p>Endlich Farbe ins B\u00fcro bringen &#8211; das haben sich viele Unternehmen auf die Fahne geschrieben und setzen das in den Betriebsferien oder an einem Wochenende auch um. Grund daf\u00fcr ist: In einem B\u00fcro mit wei\u00dfen W\u00e4nden arbeitet man nicht so gut. Was vor einigen Jahren f\u00fcr die Gro\u00dfraumb\u00fcros noch schick und angesagt war &#8211; gro\u00dfe&hellip;<\/p>\n<p class=\"more-link\"><a href=\"https:\/\/www.arbeitskreis-sozialpolitik.de\/index.php\/2022\/06\/22\/welche-farben-sollte-man-im-buero-verwenden-und-welche-nicht\/\" class=\"themebutton\">Read More<\/a><\/p>\n","protected":false},"author":1,"featured_media":93,"comment_status":"closed","ping_status":"closed","sticky":false,"template":"","format":"standard","meta":{"footnotes":""},"categories":[7],"tags":[19],"class_list":["post-92","post","type-post","status-publish","format-standard","has-post-thumbnail","hentry","category-produkte","tag-buero"],"yoast_head":"<!-- This site is optimized with the Yoast SEO plugin v27.4 - https:\/\/yoast.com\/product\/yoast-seo-wordpress\/ -->\n<title>Arbeitskreis Sozialpolitik -<\/title>\n<meta name=\"description\" content=\"Welche Farben sollte man im B\u00fcro verwenden und welche nicht? - Arbeitskreis Sozialpolitik\" \/>\n<meta name=\"robots\" content=\"index, follow, max-snippet:-1, max-image-preview:large, max-video-preview:-1\" \/>\n<link rel=\"canonical\" href=\"https:\/\/www.arbeitskreis-sozialpolitik.de\/index.php\/2022\/06\/22\/welche-farben-sollte-man-im-buero-verwenden-und-welche-nicht\/\" \/>\n<meta property=\"og:locale\" content=\"de_DE\" \/>\n<meta property=\"og:type\" content=\"article\" \/>\n<meta property=\"og:title\" content=\"Arbeitskreis Sozialpolitik -\" \/>\n<meta property=\"og:description\" content=\"Welche Farben sollte man im B\u00fcro verwenden und welche nicht? - Arbeitskreis Sozialpolitik\" \/>\n<meta property=\"og:url\" content=\"https:\/\/www.arbeitskreis-sozialpolitik.de\/index.php\/2022\/06\/22\/welche-farben-sollte-man-im-buero-verwenden-und-welche-nicht\/\" \/>\n<meta property=\"og:site_name\" content=\"Arbeitskreis Sozialpolitik\" \/>\n<meta property=\"article:published_time\" content=\"2022-06-22T12:02:16+00:00\" \/>\n<meta property=\"article:modified_time\" content=\"2022-09-07T15:06:19+00:00\" \/>\n<meta property=\"og:image\" content=\"https:\/\/www.arbeitskreis-sozialpolitik.de\/wp-content\/uploads\/2022\/06\/AdobeStock_168438867.jpg\" \/>\n\t<meta property=\"og:image:width\" content=\"1920\" \/>\n\t<meta property=\"og:image:height\" content=\"1280\" \/>\n\t<meta property=\"og:image:type\" content=\"image\/jpeg\" \/>\n<meta name=\"author\" content=\"admin\" \/>\n<meta name=\"twitter:card\" content=\"summary_large_image\" \/>\n<meta name=\"twitter:label1\" content=\"Verfasst von\" \/>\n\t<meta name=\"twitter:data1\" content=\"admin\" \/>\n\t<meta name=\"twitter:label2\" content=\"Gesch\u00e4tzte Lesezeit\" \/>\n\t<meta name=\"twitter:data2\" content=\"3\u00a0Minuten\" \/>\n<script type=\"application\/ld+json\" class=\"yoast-schema-graph\">{\"@context\":\"https:\\\/\\\/schema.org\",\"@graph\":[{\"@type\":\"Article\",\"@id\":\"https:\\\/\\\/www.arbeitskreis-sozialpolitik.de\\\/index.php\\\/2022\\\/06\\\/22\\\/welche-farben-sollte-man-im-buero-verwenden-und-welche-nicht\\\/#article\",\"isPartOf\":{\"@id\":\"https:\\\/\\\/www.arbeitskreis-sozialpolitik.de\\\/index.php\\\/2022\\\/06\\\/22\\\/welche-farben-sollte-man-im-buero-verwenden-und-welche-nicht\\\/\"},\"author\":{\"name\":\"admin\",\"@id\":\"https:\\\/\\\/www.arbeitskreis-sozialpolitik.de\\\/#\\\/schema\\\/person\\\/7cdec93b377465f49493cfb65ed09813\"},\"headline\":\"Welche Farben sollte man im B\u00fcro verwenden und welche nicht?\",\"datePublished\":\"2022-06-22T12:02:16+00:00\",\"dateModified\":\"2022-09-07T15:06:19+00:00\",\"mainEntityOfPage\":{\"@id\":\"https:\\\/\\\/www.arbeitskreis-sozialpolitik.de\\\/index.php\\\/2022\\\/06\\\/22\\\/welche-farben-sollte-man-im-buero-verwenden-und-welche-nicht\\\/\"},\"wordCount\":566,\"image\":{\"@id\":\"https:\\\/\\\/www.arbeitskreis-sozialpolitik.de\\\/index.php\\\/2022\\\/06\\\/22\\\/welche-farben-sollte-man-im-buero-verwenden-und-welche-nicht\\\/#primaryimage\"},\"thumbnailUrl\":\"https:\\\/\\\/www.arbeitskreis-sozialpolitik.de\\\/wp-content\\\/uploads\\\/2022\\\/06\\\/AdobeStock_168438867.jpg\",\"keywords\":[\"B\u00fcro\"],\"articleSection\":[\"Produkte\"],\"inLanguage\":\"de\"},{\"@type\":\"WebPage\",\"@id\":\"https:\\\/\\\/www.arbeitskreis-sozialpolitik.de\\\/index.php\\\/2022\\\/06\\\/22\\\/welche-farben-sollte-man-im-buero-verwenden-und-welche-nicht\\\/\",\"url\":\"https:\\\/\\\/www.arbeitskreis-sozialpolitik.de\\\/index.php\\\/2022\\\/06\\\/22\\\/welche-farben-sollte-man-im-buero-verwenden-und-welche-nicht\\\/\",\"name\":\"Arbeitskreis Sozialpolitik -\",\"isPartOf\":{\"@id\":\"https:\\\/\\\/www.arbeitskreis-sozialpolitik.de\\\/#website\"},\"primaryImageOfPage\":{\"@id\":\"https:\\\/\\\/www.arbeitskreis-sozialpolitik.de\\\/index.php\\\/2022\\\/06\\\/22\\\/welche-farben-sollte-man-im-buero-verwenden-und-welche-nicht\\\/#primaryimage\"},\"image\":{\"@id\":\"https:\\\/\\\/www.arbeitskreis-sozialpolitik.de\\\/index.php\\\/2022\\\/06\\\/22\\\/welche-farben-sollte-man-im-buero-verwenden-und-welche-nicht\\\/#primaryimage\"},\"thumbnailUrl\":\"https:\\\/\\\/www.arbeitskreis-sozialpolitik.de\\\/wp-content\\\/uploads\\\/2022\\\/06\\\/AdobeStock_168438867.jpg\",\"datePublished\":\"2022-06-22T12:02:16+00:00\",\"dateModified\":\"2022-09-07T15:06:19+00:00\",\"author\":{\"@id\":\"https:\\\/\\\/www.arbeitskreis-sozialpolitik.de\\\/#\\\/schema\\\/person\\\/7cdec93b377465f49493cfb65ed09813\"},\"description\":\"Welche Farben sollte man im B\u00fcro verwenden und welche nicht? - Arbeitskreis Sozialpolitik\",\"breadcrumb\":{\"@id\":\"https:\\\/\\\/www.arbeitskreis-sozialpolitik.de\\\/index.php\\\/2022\\\/06\\\/22\\\/welche-farben-sollte-man-im-buero-verwenden-und-welche-nicht\\\/#breadcrumb\"},\"inLanguage\":\"de\",\"potentialAction\":[{\"@type\":\"ReadAction\",\"target\":[\"https:\\\/\\\/www.arbeitskreis-sozialpolitik.de\\\/index.php\\\/2022\\\/06\\\/22\\\/welche-farben-sollte-man-im-buero-verwenden-und-welche-nicht\\\/\"]}]},{\"@type\":\"ImageObject\",\"inLanguage\":\"de\",\"@id\":\"https:\\\/\\\/www.arbeitskreis-sozialpolitik.de\\\/index.php\\\/2022\\\/06\\\/22\\\/welche-farben-sollte-man-im-buero-verwenden-und-welche-nicht\\\/#primaryimage\",\"url\":\"https:\\\/\\\/www.arbeitskreis-sozialpolitik.de\\\/wp-content\\\/uploads\\\/2022\\\/06\\\/AdobeStock_168438867.jpg\",\"contentUrl\":\"https:\\\/\\\/www.arbeitskreis-sozialpolitik.de\\\/wp-content\\\/uploads\\\/2022\\\/06\\\/AdobeStock_168438867.jpg\",\"width\":1920,\"height\":1280,\"caption\":\"Wei\u00dfes und gr\u00fcnes Rautenmuster an der Wand in einem B\u00fcro mit einem Holzboden, einem quadratischen Poster, einem Laptop und einem wei\u00dfen Stuhl neben einem Computertisch.\"},{\"@type\":\"BreadcrumbList\",\"@id\":\"https:\\\/\\\/www.arbeitskreis-sozialpolitik.de\\\/index.php\\\/2022\\\/06\\\/22\\\/welche-farben-sollte-man-im-buero-verwenden-und-welche-nicht\\\/#breadcrumb\",\"itemListElement\":[{\"@type\":\"ListItem\",\"position\":1,\"name\":\"Startseite\",\"item\":\"https:\\\/\\\/www.arbeitskreis-sozialpolitik.de\\\/\"},{\"@type\":\"ListItem\",\"position\":2,\"name\":\"Welche Farben sollte man im B\u00fcro verwenden und welche nicht?\"}]},{\"@type\":\"WebSite\",\"@id\":\"https:\\\/\\\/www.arbeitskreis-sozialpolitik.de\\\/#website\",\"url\":\"https:\\\/\\\/www.arbeitskreis-sozialpolitik.de\\\/\",\"name\":\"Arbeitskreis Sozialpolitik\",\"description\":\"\",\"potentialAction\":[{\"@type\":\"SearchAction\",\"target\":{\"@type\":\"EntryPoint\",\"urlTemplate\":\"https:\\\/\\\/www.arbeitskreis-sozialpolitik.de\\\/?s={search_term_string}\"},\"query-input\":{\"@type\":\"PropertyValueSpecification\",\"valueRequired\":true,\"valueName\":\"search_term_string\"}}],\"inLanguage\":\"de\"},{\"@type\":\"Person\",\"@id\":\"https:\\\/\\\/www.arbeitskreis-sozialpolitik.de\\\/#\\\/schema\\\/person\\\/7cdec93b377465f49493cfb65ed09813\",\"name\":\"admin\",\"image\":{\"@type\":\"ImageObject\",\"inLanguage\":\"de\",\"@id\":\"https:\\\/\\\/secure.gravatar.com\\\/avatar\\\/8e1d7a0ee388e212c17306e266ac17a31961f671656739b328cc23be67aa156d?s=96&d=mm&r=g\",\"url\":\"https:\\\/\\\/secure.gravatar.com\\\/avatar\\\/8e1d7a0ee388e212c17306e266ac17a31961f671656739b328cc23be67aa156d?s=96&d=mm&r=g\",\"contentUrl\":\"https:\\\/\\\/secure.gravatar.com\\\/avatar\\\/8e1d7a0ee388e212c17306e266ac17a31961f671656739b328cc23be67aa156d?s=96&d=mm&r=g\",\"caption\":\"admin\"},\"sameAs\":[\"https:\\\/\\\/www.arbeitskreis-sozialpolitik.de\"],\"url\":\"https:\\\/\\\/www.arbeitskreis-sozialpolitik.de\\\/index.php\\\/author\\\/server_arbeitskreis\\\/\"}]}<\/script>\n<!-- \/ Yoast SEO plugin. -->","yoast_head_json":{"title":"Arbeitskreis Sozialpolitik -","description":"Welche Farben sollte man im B\u00fcro verwenden und welche nicht? - Arbeitskreis Sozialpolitik","robots":{"index":"index","follow":"follow","max-snippet":"max-snippet:-1","max-image-preview":"max-image-preview:large","max-video-preview":"max-video-preview:-1"},"canonical":"https:\/\/www.arbeitskreis-sozialpolitik.de\/index.php\/2022\/06\/22\/welche-farben-sollte-man-im-buero-verwenden-und-welche-nicht\/","og_locale":"de_DE","og_type":"article","og_title":"Arbeitskreis Sozialpolitik -","og_description":"Welche Farben sollte man im B\u00fcro verwenden und welche nicht? - Arbeitskreis Sozialpolitik","og_url":"https:\/\/www.arbeitskreis-sozialpolitik.de\/index.php\/2022\/06\/22\/welche-farben-sollte-man-im-buero-verwenden-und-welche-nicht\/","og_site_name":"Arbeitskreis Sozialpolitik","article_published_time":"2022-06-22T12:02:16+00:00","article_modified_time":"2022-09-07T15:06:19+00:00","og_image":[{"width":1920,"height":1280,"url":"https:\/\/www.arbeitskreis-sozialpolitik.de\/wp-content\/uploads\/2022\/06\/AdobeStock_168438867.jpg","type":"image\/jpeg"}],"author":"admin","twitter_card":"summary_large_image","twitter_misc":{"Verfasst von":"admin","Gesch\u00e4tzte Lesezeit":"3\u00a0Minuten"},"schema":{"@context":"https:\/\/schema.org","@graph":[{"@type":"Article","@id":"https:\/\/www.arbeitskreis-sozialpolitik.de\/index.php\/2022\/06\/22\/welche-farben-sollte-man-im-buero-verwenden-und-welche-nicht\/#article","isPartOf":{"@id":"https:\/\/www.arbeitskreis-sozialpolitik.de\/index.php\/2022\/06\/22\/welche-farben-sollte-man-im-buero-verwenden-und-welche-nicht\/"},"author":{"name":"admin","@id":"https:\/\/www.arbeitskreis-sozialpolitik.de\/#\/schema\/person\/7cdec93b377465f49493cfb65ed09813"},"headline":"Welche Farben sollte man im B\u00fcro verwenden und welche nicht?","datePublished":"2022-06-22T12:02:16+00:00","dateModified":"2022-09-07T15:06:19+00:00","mainEntityOfPage":{"@id":"https:\/\/www.arbeitskreis-sozialpolitik.de\/index.php\/2022\/06\/22\/welche-farben-sollte-man-im-buero-verwenden-und-welche-nicht\/"},"wordCount":566,"image":{"@id":"https:\/\/www.arbeitskreis-sozialpolitik.de\/index.php\/2022\/06\/22\/welche-farben-sollte-man-im-buero-verwenden-und-welche-nicht\/#primaryimage"},"thumbnailUrl":"https:\/\/www.arbeitskreis-sozialpolitik.de\/wp-content\/uploads\/2022\/06\/AdobeStock_168438867.jpg","keywords":["B\u00fcro"],"articleSection":["Produkte"],"inLanguage":"de"},{"@type":"WebPage","@id":"https:\/\/www.arbeitskreis-sozialpolitik.de\/index.php\/2022\/06\/22\/welche-farben-sollte-man-im-buero-verwenden-und-welche-nicht\/","url":"https:\/\/www.arbeitskreis-sozialpolitik.de\/index.php\/2022\/06\/22\/welche-farben-sollte-man-im-buero-verwenden-und-welche-nicht\/","name":"Arbeitskreis Sozialpolitik -","isPartOf":{"@id":"https:\/\/www.arbeitskreis-sozialpolitik.de\/#website"},"primaryImageOfPage":{"@id":"https:\/\/www.arbeitskreis-sozialpolitik.de\/index.php\/2022\/06\/22\/welche-farben-sollte-man-im-buero-verwenden-und-welche-nicht\/#primaryimage"},"image":{"@id":"https:\/\/www.arbeitskreis-sozialpolitik.de\/index.php\/2022\/06\/22\/welche-farben-sollte-man-im-buero-verwenden-und-welche-nicht\/#primaryimage"},"thumbnailUrl":"https:\/\/www.arbeitskreis-sozialpolitik.de\/wp-content\/uploads\/2022\/06\/AdobeStock_168438867.jpg","datePublished":"2022-06-22T12:02:16+00:00","dateModified":"2022-09-07T15:06:19+00:00","author":{"@id":"https:\/\/www.arbeitskreis-sozialpolitik.de\/#\/schema\/person\/7cdec93b377465f49493cfb65ed09813"},"description":"Welche Farben sollte man im B\u00fcro verwenden und welche nicht? - Arbeitskreis Sozialpolitik","breadcrumb":{"@id":"https:\/\/www.arbeitskreis-sozialpolitik.de\/index.php\/2022\/06\/22\/welche-farben-sollte-man-im-buero-verwenden-und-welche-nicht\/#breadcrumb"},"inLanguage":"de","potentialAction":[{"@type":"ReadAction","target":["https:\/\/www.arbeitskreis-sozialpolitik.de\/index.php\/2022\/06\/22\/welche-farben-sollte-man-im-buero-verwenden-und-welche-nicht\/"]}]},{"@type":"ImageObject","inLanguage":"de","@id":"https:\/\/www.arbeitskreis-sozialpolitik.de\/index.php\/2022\/06\/22\/welche-farben-sollte-man-im-buero-verwenden-und-welche-nicht\/#primaryimage","url":"https:\/\/www.arbeitskreis-sozialpolitik.de\/wp-content\/uploads\/2022\/06\/AdobeStock_168438867.jpg","contentUrl":"https:\/\/www.arbeitskreis-sozialpolitik.de\/wp-content\/uploads\/2022\/06\/AdobeStock_168438867.jpg","width":1920,"height":1280,"caption":"Wei\u00dfes und gr\u00fcnes Rautenmuster an der Wand in einem B\u00fcro mit einem Holzboden, einem quadratischen Poster, einem Laptop und einem wei\u00dfen Stuhl neben einem Computertisch."},{"@type":"BreadcrumbList","@id":"https:\/\/www.arbeitskreis-sozialpolitik.de\/index.php\/2022\/06\/22\/welche-farben-sollte-man-im-buero-verwenden-und-welche-nicht\/#breadcrumb","itemListElement":[{"@type":"ListItem","position":1,"name":"Startseite","item":"https:\/\/www.arbeitskreis-sozialpolitik.de\/"},{"@type":"ListItem","position":2,"name":"Welche Farben sollte man im B\u00fcro verwenden und welche nicht?"}]},{"@type":"WebSite","@id":"https:\/\/www.arbeitskreis-sozialpolitik.de\/#website","url":"https:\/\/www.arbeitskreis-sozialpolitik.de\/","name":"Arbeitskreis Sozialpolitik","description":"","potentialAction":[{"@type":"SearchAction","target":{"@type":"EntryPoint","urlTemplate":"https:\/\/www.arbeitskreis-sozialpolitik.de\/?s={search_term_string}"},"query-input":{"@type":"PropertyValueSpecification","valueRequired":true,"valueName":"search_term_string"}}],"inLanguage":"de"},{"@type":"Person","@id":"https:\/\/www.arbeitskreis-sozialpolitik.de\/#\/schema\/person\/7cdec93b377465f49493cfb65ed09813","name":"admin","image":{"@type":"ImageObject","inLanguage":"de","@id":"https:\/\/secure.gravatar.com\/avatar\/8e1d7a0ee388e212c17306e266ac17a31961f671656739b328cc23be67aa156d?s=96&d=mm&r=g","url":"https:\/\/secure.gravatar.com\/avatar\/8e1d7a0ee388e212c17306e266ac17a31961f671656739b328cc23be67aa156d?s=96&d=mm&r=g","contentUrl":"https:\/\/secure.gravatar.com\/avatar\/8e1d7a0ee388e212c17306e266ac17a31961f671656739b328cc23be67aa156d?s=96&d=mm&r=g","caption":"admin"},"sameAs":["https:\/\/www.arbeitskreis-sozialpolitik.de"],"url":"https:\/\/www.arbeitskreis-sozialpolitik.de\/index.php\/author\/server_arbeitskreis\/"}]}},"_links":{"self":[{"href":"https:\/\/www.arbeitskreis-sozialpolitik.de\/index.php\/wp-json\/wp\/v2\/posts\/92","targetHints":{"allow":["GET"]}}],"collection":[{"href":"https:\/\/www.arbeitskreis-sozialpolitik.de\/index.php\/wp-json\/wp\/v2\/posts"}],"about":[{"href":"https:\/\/www.arbeitskreis-sozialpolitik.de\/index.php\/wp-json\/wp\/v2\/types\/post"}],"author":[{"embeddable":true,"href":"https:\/\/www.arbeitskreis-sozialpolitik.de\/index.php\/wp-json\/wp\/v2\/users\/1"}],"replies":[{"embeddable":true,"href":"https:\/\/www.arbeitskreis-sozialpolitik.de\/index.php\/wp-json\/wp\/v2\/comments?post=92"}],"version-history":[{"count":6,"href":"https:\/\/www.arbeitskreis-sozialpolitik.de\/index.php\/wp-json\/wp\/v2\/posts\/92\/revisions"}],"predecessor-version":[{"id":126,"href":"https:\/\/www.arbeitskreis-sozialpolitik.de\/index.php\/wp-json\/wp\/v2\/posts\/92\/revisions\/126"}],"wp:featuredmedia":[{"embeddable":true,"href":"https:\/\/www.arbeitskreis-sozialpolitik.de\/index.php\/wp-json\/wp\/v2\/media\/93"}],"wp:attachment":[{"href":"https:\/\/www.arbeitskreis-sozialpolitik.de\/index.php\/wp-json\/wp\/v2\/media?parent=92"}],"wp:term":[{"taxonomy":"category","embeddable":true,"href":"https:\/\/www.arbeitskreis-sozialpolitik.de\/index.php\/wp-json\/wp\/v2\/categories?post=92"},{"taxonomy":"post_tag","embeddable":true,"href":"https:\/\/www.arbeitskreis-sozialpolitik.de\/index.php\/wp-json\/wp\/v2\/tags?post=92"}],"curies":[{"name":"wp","href":"https:\/\/api.w.org\/{rel}","templated":true}]}}