{"id":84,"date":"2022-06-09T15:22:53","date_gmt":"2022-06-09T13:22:53","guid":{"rendered":"https:\/\/www.arbeitskreis-sozialpolitik.de\/?p=84"},"modified":"2022-09-07T17:06:38","modified_gmt":"2022-09-07T15:06:38","slug":"wie-kann-man-das-homeoffice-gestalten","status":"publish","type":"post","link":"https:\/\/www.arbeitskreis-sozialpolitik.de\/index.php\/2022\/06\/09\/wie-kann-man-das-homeoffice-gestalten\/","title":{"rendered":"Wie kann man das Homeoffice gestalten?"},"content":{"rendered":"<p><strong>Seit der Corona Pandemie hat das Homeoffice eine v\u00f6llig neue Bedeutung bekommen. Doch viele Arbeitnehmer, die pl\u00f6tzlich von Zuhause aus arbeiten mussten, hatten gar kein Homeoffice zur Verf\u00fcgung und mussten sich diesen Raum erst einmal einrichten. Da das Homeoffice weiterhin sehr beliebt ist, m\u00f6chten einige Arbeitnehmer die Chance nutzen, und sich ihr Homeoffice so funktionell und dennoch gem\u00fctlich wie m\u00f6glich einrichten. Mit diesen Tipps gelingt das auch.<\/strong><\/p>\n<hr \/>\n<h2>Einrichtung unter ergonomischen Gesichtspunkten<\/h2>\n<p>Im B\u00fcro w\u00fcnschen wir uns einen bequemen Stuhl, der unseren Anforderungen entspricht und R\u00fcckenproblemen vorbeugt. Und warum m\u00f6chte man dies nicht auch im Homeoffice? Wer von Zuhause aus arbeitet, muss in sein Office etwas investieren und auf die richtige Einrichtung achten. Ein h\u00f6henverstellbarer B\u00fcrostuhl, der variabel ist und so R\u00fcckenproblemen vorbeugt, ist ideal. Wer sich f\u00fcr sein Homeoffice neu einrichten muss, kann mit dem Chef \u00fcber eine Kosten\u00fcbernahme sprechen oder die anfallenden Kosten \u00fcber die j\u00e4hrliche Steuererkl\u00e4rung vom Staat zur\u00fcckholen.<\/p>\n<h3>Ordnung muss sein<\/h3>\n<p>W\u00e4hrend es im B\u00fcro akribisch zugeht, sind zuhause die Unterlagen durcheinander, Stifte fliegen umher und es fehlt an einer gewissen Grundordnung. Das sollte nicht sein, wenn man effektiv im Homeoffice arbeiten m\u00f6chte. Damit man auch im heimischen B\u00fcro den \u00dcberblick nicht verliert, sollte es ausreichend Platz f\u00fcr die Akten, den Computer, Stifte und Mappen geben. Diese Ordnung hilft nicht nur, einen geregelten Arbeitstag zu gew\u00e4hrleisten, sondern wirkt professionell, wenn der Chef kurzfristig ein Online-Meeting einberuft.<\/p>\n<h3>Nat\u00fcrliche Lichtquellen nutzen<\/h3>\n<p>Idealerweise nutzt man einen Raum, in dem eine nat\u00fcrliche Lichtquelle zu finden ist. Dies spart nicht nur Stromkosten, sondern wirkt bei einem Online-Meeting deutlich vorteilhafter. Au\u00dferdem ist es erwiesen, dass nat\u00fcrliches Licht die Produktivit\u00e4t steigern kann und vor Kopfschmerzen sch\u00fctzt. Zus\u00e4tzlich bieten die Fenster nat\u00fcrlich jederzeit die M\u00f6glichkeit f\u00fcr eine ausreichende Versorgung mit Frischluft, die ebenfalls zu mehr Produktivit\u00e4t beitr\u00e4gt.<\/p>\n<h3>Helles Ambiente<\/h3>\n<p>Bunte Wandfarben, Deko in grellen Farben? Das kann man in seinen privaten R\u00e4umen machen, aber f\u00fcr ein Homeoffice wirkt dies eher unprofessionell. Helle Farben, die nat\u00fcrliche Lichtquellen reflektieren, sorgen f\u00fcr ein warmes Ambiente, das dennoch professionell wirkt und den Raum optisch vergr\u00f6\u00dfert. Auch wenn die <a href=\"https:\/\/www.tuer-und-zarge.de\/innentueren\/\">Zimmert\u00fcr wei\u00df<\/a> gehalten ist, sorgt dies f\u00fcr ein angenehmes Arbeitsumfeld und wirkt nicht unterbewusst st\u00f6rend.<\/p>\n<h3>Deko nur sparsam einsetzen<\/h3>\n<p>Nat\u00fcrlich bietet das Homeoffice dem Arbeitnehmer die M\u00f6glichkeit, sich seinen Arbeitsplatz so einzurichten, wie es ihm gef\u00e4llt. Die individuelle Gestaltung sollte jedoch nicht zu bunt ausfallen. Gerade bei Konferenzen am Laptop erhalten Chef und Kollegen doch einen sehr intimen Einblick in das B\u00fcro in den eigenen vier W\u00e4nden. Kitschige Deko sollte dann doch nicht f\u00fcr Gespr\u00e4chsstoff sorgen. Den Arbeitsplatz im Homeoffice darf man nat\u00fcrlich individuell gestalten, doch ist oft weniger mehr. Wer es dennoch gern \u00fcppig und opulent dekoriert mag, kann dies ja in den R\u00e4umlichkeiten au\u00dferhalb des Homeoffice machen. Dies lenkt dann auch nicht von der Arbeit ab.<\/p>\n<p><strong>Bildnachweis:<\/strong><br \/>\nhallojulie &#8211; stock.adobe.com<\/p>\n<p>Weitere lesenswerte Aspekte erfahren Sie auch unter:<\/p>\n<blockquote class=\"wp-embedded-content\" data-secret=\"8ASXRD4Xs3\"><p><a href=\"https:\/\/www.meine-freizeit-welt.com\/die-freizeit-sinnvoll-nutzen-und-die-eigenen-vier-waende-renovieren\/\">Die Freizeit sinnvoll nutzen und die eigenen vier W\u00e4nde renovieren<\/a><\/p><\/blockquote>\n<p><iframe loading=\"lazy\" class=\"wp-embedded-content\" sandbox=\"allow-scripts\" security=\"restricted\" style=\"position: absolute; clip: rect(1px, 1px, 1px, 1px);\" title=\"&#8222;Die Freizeit sinnvoll nutzen und die eigenen vier W\u00e4nde renovieren&#8220; &#8212; Meine Freizeit Welt\" src=\"https:\/\/www.meine-freizeit-welt.com\/die-freizeit-sinnvoll-nutzen-und-die-eigenen-vier-waende-renovieren\/embed\/#?secret=RtnH0u41qn#?secret=8ASXRD4Xs3\" data-secret=\"8ASXRD4Xs3\" width=\"600\" height=\"338\" frameborder=\"0\" marginwidth=\"0\" marginheight=\"0\" scrolling=\"no\"><\/iframe><\/p>\n","protected":false},"excerpt":{"rendered":"<p>Seit der Corona Pandemie hat das Homeoffice eine v\u00f6llig neue Bedeutung bekommen. Doch viele Arbeitnehmer, die pl\u00f6tzlich von Zuhause aus arbeiten mussten, hatten gar kein Homeoffice zur Verf\u00fcgung und mussten sich diesen Raum erst einmal einrichten. Da das Homeoffice weiterhin sehr beliebt ist, m\u00f6chten einige Arbeitnehmer die Chance nutzen, und sich ihr Homeoffice so funktionell&hellip;<\/p>\n<p class=\"more-link\"><a href=\"https:\/\/www.arbeitskreis-sozialpolitik.de\/index.php\/2022\/06\/09\/wie-kann-man-das-homeoffice-gestalten\/\" class=\"themebutton\">Read More<\/a><\/p>\n","protected":false},"author":1,"featured_media":85,"comment_status":"closed","ping_status":"closed","sticky":false,"template":"","format":"standard","meta":{"footnotes":""},"categories":[7],"tags":[13],"class_list":["post-84","post","type-post","status-publish","format-standard","has-post-thumbnail","hentry","category-produkte","tag-haus"],"yoast_head":"<!-- This site is optimized with the Yoast SEO plugin v27.5 - https:\/\/yoast.com\/product\/yoast-seo-wordpress\/ -->\n<title>Arbeitskreis Sozialpolitik -<\/title>\n<meta name=\"description\" content=\"Wie kann man das Homeoffice gestalten? - Arbeitskreis Sozialpolitik\" \/>\n<meta name=\"robots\" content=\"index, follow, max-snippet:-1, max-image-preview:large, max-video-preview:-1\" \/>\n<link rel=\"canonical\" href=\"https:\/\/www.arbeitskreis-sozialpolitik.de\/index.php\/2022\/06\/09\/wie-kann-man-das-homeoffice-gestalten\/\" \/>\n<meta property=\"og:locale\" content=\"de_DE\" \/>\n<meta property=\"og:type\" content=\"article\" \/>\n<meta property=\"og:title\" content=\"Arbeitskreis Sozialpolitik -\" \/>\n<meta property=\"og:description\" content=\"Wie kann man das Homeoffice gestalten? - Arbeitskreis Sozialpolitik\" \/>\n<meta property=\"og:url\" content=\"https:\/\/www.arbeitskreis-sozialpolitik.de\/index.php\/2022\/06\/09\/wie-kann-man-das-homeoffice-gestalten\/\" \/>\n<meta property=\"og:site_name\" content=\"Arbeitskreis Sozialpolitik\" \/>\n<meta property=\"article:published_time\" content=\"2022-06-09T13:22:53+00:00\" \/>\n<meta property=\"article:modified_time\" content=\"2022-09-07T15:06:38+00:00\" \/>\n<meta property=\"og:image\" content=\"https:\/\/www.arbeitskreis-sozialpolitik.de\/wp-content\/uploads\/2022\/06\/AdobeStock_477561947.jpg\" \/>\n\t<meta property=\"og:image:width\" content=\"1920\" \/>\n\t<meta property=\"og:image:height\" content=\"1280\" \/>\n\t<meta property=\"og:image:type\" content=\"image\/jpeg\" \/>\n<meta name=\"author\" content=\"admin\" \/>\n<meta name=\"twitter:card\" content=\"summary_large_image\" \/>\n<meta name=\"twitter:label1\" content=\"Verfasst von\" \/>\n\t<meta name=\"twitter:data1\" content=\"admin\" \/>\n\t<meta name=\"twitter:label2\" content=\"Gesch\u00e4tzte Lesezeit\" \/>\n\t<meta name=\"twitter:data2\" content=\"3\u00a0Minuten\" \/>\n<script type=\"application\/ld+json\" class=\"yoast-schema-graph\">{\"@context\":\"https:\\\/\\\/schema.org\",\"@graph\":[{\"@type\":\"Article\",\"@id\":\"https:\\\/\\\/www.arbeitskreis-sozialpolitik.de\\\/index.php\\\/2022\\\/06\\\/09\\\/wie-kann-man-das-homeoffice-gestalten\\\/#article\",\"isPartOf\":{\"@id\":\"https:\\\/\\\/www.arbeitskreis-sozialpolitik.de\\\/index.php\\\/2022\\\/06\\\/09\\\/wie-kann-man-das-homeoffice-gestalten\\\/\"},\"author\":{\"name\":\"admin\",\"@id\":\"https:\\\/\\\/www.arbeitskreis-sozialpolitik.de\\\/#\\\/schema\\\/person\\\/7cdec93b377465f49493cfb65ed09813\"},\"headline\":\"Wie kann man das Homeoffice gestalten?\",\"datePublished\":\"2022-06-09T13:22:53+00:00\",\"dateModified\":\"2022-09-07T15:06:38+00:00\",\"mainEntityOfPage\":{\"@id\":\"https:\\\/\\\/www.arbeitskreis-sozialpolitik.de\\\/index.php\\\/2022\\\/06\\\/09\\\/wie-kann-man-das-homeoffice-gestalten\\\/\"},\"wordCount\":535,\"image\":{\"@id\":\"https:\\\/\\\/www.arbeitskreis-sozialpolitik.de\\\/index.php\\\/2022\\\/06\\\/09\\\/wie-kann-man-das-homeoffice-gestalten\\\/#primaryimage\"},\"thumbnailUrl\":\"https:\\\/\\\/www.arbeitskreis-sozialpolitik.de\\\/wp-content\\\/uploads\\\/2022\\\/06\\\/AdobeStock_477561947.jpg\",\"keywords\":[\"Haus\"],\"articleSection\":[\"Produkte\"],\"inLanguage\":\"de\"},{\"@type\":\"WebPage\",\"@id\":\"https:\\\/\\\/www.arbeitskreis-sozialpolitik.de\\\/index.php\\\/2022\\\/06\\\/09\\\/wie-kann-man-das-homeoffice-gestalten\\\/\",\"url\":\"https:\\\/\\\/www.arbeitskreis-sozialpolitik.de\\\/index.php\\\/2022\\\/06\\\/09\\\/wie-kann-man-das-homeoffice-gestalten\\\/\",\"name\":\"Arbeitskreis Sozialpolitik -\",\"isPartOf\":{\"@id\":\"https:\\\/\\\/www.arbeitskreis-sozialpolitik.de\\\/#website\"},\"primaryImageOfPage\":{\"@id\":\"https:\\\/\\\/www.arbeitskreis-sozialpolitik.de\\\/index.php\\\/2022\\\/06\\\/09\\\/wie-kann-man-das-homeoffice-gestalten\\\/#primaryimage\"},\"image\":{\"@id\":\"https:\\\/\\\/www.arbeitskreis-sozialpolitik.de\\\/index.php\\\/2022\\\/06\\\/09\\\/wie-kann-man-das-homeoffice-gestalten\\\/#primaryimage\"},\"thumbnailUrl\":\"https:\\\/\\\/www.arbeitskreis-sozialpolitik.de\\\/wp-content\\\/uploads\\\/2022\\\/06\\\/AdobeStock_477561947.jpg\",\"datePublished\":\"2022-06-09T13:22:53+00:00\",\"dateModified\":\"2022-09-07T15:06:38+00:00\",\"author\":{\"@id\":\"https:\\\/\\\/www.arbeitskreis-sozialpolitik.de\\\/#\\\/schema\\\/person\\\/7cdec93b377465f49493cfb65ed09813\"},\"description\":\"Wie kann man das Homeoffice gestalten? - Arbeitskreis Sozialpolitik\",\"breadcrumb\":{\"@id\":\"https:\\\/\\\/www.arbeitskreis-sozialpolitik.de\\\/index.php\\\/2022\\\/06\\\/09\\\/wie-kann-man-das-homeoffice-gestalten\\\/#breadcrumb\"},\"inLanguage\":\"de\",\"potentialAction\":[{\"@type\":\"ReadAction\",\"target\":[\"https:\\\/\\\/www.arbeitskreis-sozialpolitik.de\\\/index.php\\\/2022\\\/06\\\/09\\\/wie-kann-man-das-homeoffice-gestalten\\\/\"]}]},{\"@type\":\"ImageObject\",\"inLanguage\":\"de\",\"@id\":\"https:\\\/\\\/www.arbeitskreis-sozialpolitik.de\\\/index.php\\\/2022\\\/06\\\/09\\\/wie-kann-man-das-homeoffice-gestalten\\\/#primaryimage\",\"url\":\"https:\\\/\\\/www.arbeitskreis-sozialpolitik.de\\\/wp-content\\\/uploads\\\/2022\\\/06\\\/AdobeStock_477561947.jpg\",\"contentUrl\":\"https:\\\/\\\/www.arbeitskreis-sozialpolitik.de\\\/wp-content\\\/uploads\\\/2022\\\/06\\\/AdobeStock_477561947.jpg\",\"width\":1920,\"height\":1280,\"caption\":\"Bauprojektarchitekturplan, Wohnprojekt Homeoffice, technischer Designhintergrund\"},{\"@type\":\"BreadcrumbList\",\"@id\":\"https:\\\/\\\/www.arbeitskreis-sozialpolitik.de\\\/index.php\\\/2022\\\/06\\\/09\\\/wie-kann-man-das-homeoffice-gestalten\\\/#breadcrumb\",\"itemListElement\":[{\"@type\":\"ListItem\",\"position\":1,\"name\":\"Startseite\",\"item\":\"https:\\\/\\\/www.arbeitskreis-sozialpolitik.de\\\/\"},{\"@type\":\"ListItem\",\"position\":2,\"name\":\"Wie kann man das Homeoffice gestalten?\"}]},{\"@type\":\"WebSite\",\"@id\":\"https:\\\/\\\/www.arbeitskreis-sozialpolitik.de\\\/#website\",\"url\":\"https:\\\/\\\/www.arbeitskreis-sozialpolitik.de\\\/\",\"name\":\"Arbeitskreis Sozialpolitik\",\"description\":\"\",\"potentialAction\":[{\"@type\":\"SearchAction\",\"target\":{\"@type\":\"EntryPoint\",\"urlTemplate\":\"https:\\\/\\\/www.arbeitskreis-sozialpolitik.de\\\/?s={search_term_string}\"},\"query-input\":{\"@type\":\"PropertyValueSpecification\",\"valueRequired\":true,\"valueName\":\"search_term_string\"}}],\"inLanguage\":\"de\"},{\"@type\":\"Person\",\"@id\":\"https:\\\/\\\/www.arbeitskreis-sozialpolitik.de\\\/#\\\/schema\\\/person\\\/7cdec93b377465f49493cfb65ed09813\",\"name\":\"admin\",\"image\":{\"@type\":\"ImageObject\",\"inLanguage\":\"de\",\"@id\":\"https:\\\/\\\/secure.gravatar.com\\\/avatar\\\/8e1d7a0ee388e212c17306e266ac17a31961f671656739b328cc23be67aa156d?s=96&d=mm&r=g\",\"url\":\"https:\\\/\\\/secure.gravatar.com\\\/avatar\\\/8e1d7a0ee388e212c17306e266ac17a31961f671656739b328cc23be67aa156d?s=96&d=mm&r=g\",\"contentUrl\":\"https:\\\/\\\/secure.gravatar.com\\\/avatar\\\/8e1d7a0ee388e212c17306e266ac17a31961f671656739b328cc23be67aa156d?s=96&d=mm&r=g\",\"caption\":\"admin\"},\"sameAs\":[\"https:\\\/\\\/www.arbeitskreis-sozialpolitik.de\"],\"url\":\"https:\\\/\\\/www.arbeitskreis-sozialpolitik.de\\\/index.php\\\/author\\\/server_arbeitskreis\\\/\"}]}<\/script>\n<!-- \/ Yoast SEO plugin. -->","yoast_head_json":{"title":"Arbeitskreis Sozialpolitik -","description":"Wie kann man das Homeoffice gestalten? - Arbeitskreis Sozialpolitik","robots":{"index":"index","follow":"follow","max-snippet":"max-snippet:-1","max-image-preview":"max-image-preview:large","max-video-preview":"max-video-preview:-1"},"canonical":"https:\/\/www.arbeitskreis-sozialpolitik.de\/index.php\/2022\/06\/09\/wie-kann-man-das-homeoffice-gestalten\/","og_locale":"de_DE","og_type":"article","og_title":"Arbeitskreis Sozialpolitik -","og_description":"Wie kann man das Homeoffice gestalten? - Arbeitskreis Sozialpolitik","og_url":"https:\/\/www.arbeitskreis-sozialpolitik.de\/index.php\/2022\/06\/09\/wie-kann-man-das-homeoffice-gestalten\/","og_site_name":"Arbeitskreis Sozialpolitik","article_published_time":"2022-06-09T13:22:53+00:00","article_modified_time":"2022-09-07T15:06:38+00:00","og_image":[{"width":1920,"height":1280,"url":"https:\/\/www.arbeitskreis-sozialpolitik.de\/wp-content\/uploads\/2022\/06\/AdobeStock_477561947.jpg","type":"image\/jpeg"}],"author":"admin","twitter_card":"summary_large_image","twitter_misc":{"Verfasst von":"admin","Gesch\u00e4tzte Lesezeit":"3\u00a0Minuten"},"schema":{"@context":"https:\/\/schema.org","@graph":[{"@type":"Article","@id":"https:\/\/www.arbeitskreis-sozialpolitik.de\/index.php\/2022\/06\/09\/wie-kann-man-das-homeoffice-gestalten\/#article","isPartOf":{"@id":"https:\/\/www.arbeitskreis-sozialpolitik.de\/index.php\/2022\/06\/09\/wie-kann-man-das-homeoffice-gestalten\/"},"author":{"name":"admin","@id":"https:\/\/www.arbeitskreis-sozialpolitik.de\/#\/schema\/person\/7cdec93b377465f49493cfb65ed09813"},"headline":"Wie kann man das Homeoffice gestalten?","datePublished":"2022-06-09T13:22:53+00:00","dateModified":"2022-09-07T15:06:38+00:00","mainEntityOfPage":{"@id":"https:\/\/www.arbeitskreis-sozialpolitik.de\/index.php\/2022\/06\/09\/wie-kann-man-das-homeoffice-gestalten\/"},"wordCount":535,"image":{"@id":"https:\/\/www.arbeitskreis-sozialpolitik.de\/index.php\/2022\/06\/09\/wie-kann-man-das-homeoffice-gestalten\/#primaryimage"},"thumbnailUrl":"https:\/\/www.arbeitskreis-sozialpolitik.de\/wp-content\/uploads\/2022\/06\/AdobeStock_477561947.jpg","keywords":["Haus"],"articleSection":["Produkte"],"inLanguage":"de"},{"@type":"WebPage","@id":"https:\/\/www.arbeitskreis-sozialpolitik.de\/index.php\/2022\/06\/09\/wie-kann-man-das-homeoffice-gestalten\/","url":"https:\/\/www.arbeitskreis-sozialpolitik.de\/index.php\/2022\/06\/09\/wie-kann-man-das-homeoffice-gestalten\/","name":"Arbeitskreis Sozialpolitik -","isPartOf":{"@id":"https:\/\/www.arbeitskreis-sozialpolitik.de\/#website"},"primaryImageOfPage":{"@id":"https:\/\/www.arbeitskreis-sozialpolitik.de\/index.php\/2022\/06\/09\/wie-kann-man-das-homeoffice-gestalten\/#primaryimage"},"image":{"@id":"https:\/\/www.arbeitskreis-sozialpolitik.de\/index.php\/2022\/06\/09\/wie-kann-man-das-homeoffice-gestalten\/#primaryimage"},"thumbnailUrl":"https:\/\/www.arbeitskreis-sozialpolitik.de\/wp-content\/uploads\/2022\/06\/AdobeStock_477561947.jpg","datePublished":"2022-06-09T13:22:53+00:00","dateModified":"2022-09-07T15:06:38+00:00","author":{"@id":"https:\/\/www.arbeitskreis-sozialpolitik.de\/#\/schema\/person\/7cdec93b377465f49493cfb65ed09813"},"description":"Wie kann man das Homeoffice gestalten? - Arbeitskreis Sozialpolitik","breadcrumb":{"@id":"https:\/\/www.arbeitskreis-sozialpolitik.de\/index.php\/2022\/06\/09\/wie-kann-man-das-homeoffice-gestalten\/#breadcrumb"},"inLanguage":"de","potentialAction":[{"@type":"ReadAction","target":["https:\/\/www.arbeitskreis-sozialpolitik.de\/index.php\/2022\/06\/09\/wie-kann-man-das-homeoffice-gestalten\/"]}]},{"@type":"ImageObject","inLanguage":"de","@id":"https:\/\/www.arbeitskreis-sozialpolitik.de\/index.php\/2022\/06\/09\/wie-kann-man-das-homeoffice-gestalten\/#primaryimage","url":"https:\/\/www.arbeitskreis-sozialpolitik.de\/wp-content\/uploads\/2022\/06\/AdobeStock_477561947.jpg","contentUrl":"https:\/\/www.arbeitskreis-sozialpolitik.de\/wp-content\/uploads\/2022\/06\/AdobeStock_477561947.jpg","width":1920,"height":1280,"caption":"Bauprojektarchitekturplan, Wohnprojekt Homeoffice, technischer Designhintergrund"},{"@type":"BreadcrumbList","@id":"https:\/\/www.arbeitskreis-sozialpolitik.de\/index.php\/2022\/06\/09\/wie-kann-man-das-homeoffice-gestalten\/#breadcrumb","itemListElement":[{"@type":"ListItem","position":1,"name":"Startseite","item":"https:\/\/www.arbeitskreis-sozialpolitik.de\/"},{"@type":"ListItem","position":2,"name":"Wie kann man das Homeoffice gestalten?"}]},{"@type":"WebSite","@id":"https:\/\/www.arbeitskreis-sozialpolitik.de\/#website","url":"https:\/\/www.arbeitskreis-sozialpolitik.de\/","name":"Arbeitskreis Sozialpolitik","description":"","potentialAction":[{"@type":"SearchAction","target":{"@type":"EntryPoint","urlTemplate":"https:\/\/www.arbeitskreis-sozialpolitik.de\/?s={search_term_string}"},"query-input":{"@type":"PropertyValueSpecification","valueRequired":true,"valueName":"search_term_string"}}],"inLanguage":"de"},{"@type":"Person","@id":"https:\/\/www.arbeitskreis-sozialpolitik.de\/#\/schema\/person\/7cdec93b377465f49493cfb65ed09813","name":"admin","image":{"@type":"ImageObject","inLanguage":"de","@id":"https:\/\/secure.gravatar.com\/avatar\/8e1d7a0ee388e212c17306e266ac17a31961f671656739b328cc23be67aa156d?s=96&d=mm&r=g","url":"https:\/\/secure.gravatar.com\/avatar\/8e1d7a0ee388e212c17306e266ac17a31961f671656739b328cc23be67aa156d?s=96&d=mm&r=g","contentUrl":"https:\/\/secure.gravatar.com\/avatar\/8e1d7a0ee388e212c17306e266ac17a31961f671656739b328cc23be67aa156d?s=96&d=mm&r=g","caption":"admin"},"sameAs":["https:\/\/www.arbeitskreis-sozialpolitik.de"],"url":"https:\/\/www.arbeitskreis-sozialpolitik.de\/index.php\/author\/server_arbeitskreis\/"}]}},"_links":{"self":[{"href":"https:\/\/www.arbeitskreis-sozialpolitik.de\/index.php\/wp-json\/wp\/v2\/posts\/84","targetHints":{"allow":["GET"]}}],"collection":[{"href":"https:\/\/www.arbeitskreis-sozialpolitik.de\/index.php\/wp-json\/wp\/v2\/posts"}],"about":[{"href":"https:\/\/www.arbeitskreis-sozialpolitik.de\/index.php\/wp-json\/wp\/v2\/types\/post"}],"author":[{"embeddable":true,"href":"https:\/\/www.arbeitskreis-sozialpolitik.de\/index.php\/wp-json\/wp\/v2\/users\/1"}],"replies":[{"embeddable":true,"href":"https:\/\/www.arbeitskreis-sozialpolitik.de\/index.php\/wp-json\/wp\/v2\/comments?post=84"}],"version-history":[{"count":3,"href":"https:\/\/www.arbeitskreis-sozialpolitik.de\/index.php\/wp-json\/wp\/v2\/posts\/84\/revisions"}],"predecessor-version":[{"id":88,"href":"https:\/\/www.arbeitskreis-sozialpolitik.de\/index.php\/wp-json\/wp\/v2\/posts\/84\/revisions\/88"}],"wp:featuredmedia":[{"embeddable":true,"href":"https:\/\/www.arbeitskreis-sozialpolitik.de\/index.php\/wp-json\/wp\/v2\/media\/85"}],"wp:attachment":[{"href":"https:\/\/www.arbeitskreis-sozialpolitik.de\/index.php\/wp-json\/wp\/v2\/media?parent=84"}],"wp:term":[{"taxonomy":"category","embeddable":true,"href":"https:\/\/www.arbeitskreis-sozialpolitik.de\/index.php\/wp-json\/wp\/v2\/categories?post=84"},{"taxonomy":"post_tag","embeddable":true,"href":"https:\/\/www.arbeitskreis-sozialpolitik.de\/index.php\/wp-json\/wp\/v2\/tags?post=84"}],"curies":[{"name":"wp","href":"https:\/\/api.w.org\/{rel}","templated":true}]}}